{"id":1356,"date":"2025-09-11T16:44:22","date_gmt":"2025-09-11T08:44:22","guid":{"rendered":"https:\/\/qin.gg12.globaldeepsea.site\/how-to-choose-the-right-size-office-pod-for-your-needs\/"},"modified":"2025-09-11T16:44:22","modified_gmt":"2025-09-11T08:44:22","slug":"how-to-choose-the-right-size-office-pod-for-your-needs","status":"publish","type":"post","link":"https:\/\/www.happy-cheerme.com\/tr\/how-to-choose-the-right-size-office-pod-for-your-needs\/","title":{"rendered":"\u0130htiya\u00e7lar\u0131n\u0131z i\u00e7in Do\u011fru Boyut Ofis Pod'u nas\u0131l se\u00e7ilir?"},"content":{"rendered":"<p><img decoding=\"async\" src=\"https:\/\/statics.mylandingpages.co\/static\/aaanxdmf26c522mpaaaaz2wwe7ppkact\/image\/81016e7f7440473283944f22fef0b9c0.webp\" alt=\"\u0130htiya\u00e7lar\u0131n\u0131z i\u00e7in Do\u011fru Boyut Ofis Pod&#039;u nas\u0131l se\u00e7ilir?\"><\/p>\n<p>\u00c7al\u0131\u015fma alan\u0131 verimlili\u011fini optimize etmek i\u00e7in do\u011fru boyutta ofis kaps\u00fcl\u00fcn\u00fc se\u00e7mek \u00e7ok \u00f6nemlidir. Boyut, i\u015flevselli\u011fi ve \u00e7al\u0131\u015fan konforunu do\u011frudan etkiler. \u0130yi boyutlu <a href=\"https:\/\/qin.gg12.globaldeepsea.site\/about\/\" target=\"_blank\" rel=\"noopener\">Ofis \u00e7a\u011fr\u0131 kabini \u00fcr\u00fcn\u00fc<\/a> Odaklanmay\u0131 geli\u015ftirebilir, temiz hava yoluyla sa\u011fl\u0131\u011f\u0131 te\u015fvik edebilir ve ergonomik destek sa\u011flayabilir. Ayr\u0131ca, bir <a href=\"https:\/\/qin.gg12.globaldeepsea.site\/product\/sound-proof-booth-for-4-person-cm-p3l\/\" target=\"_blank\" rel=\"noopener\">Ses ge\u00e7irmez kaps\u00fcl<\/a> kesintisiz i\u015f i\u00e7in gerekli gizlili\u011fi sa\u011flayabilir. Sizinle ilgili bu \u00f6nemli karar\u0131 verirken alan, d\u00fczen ve gelecekteki b\u00fcy\u00fcme gibi fakt\u00f6rleri d\u00fc\u015f\u00fcn\u00fcn <a href=\"https:\/\/qin.gg12.globaldeepsea.site\/products\/\" target=\"_blank\" rel=\"noopener\">ofis izolasyon kaps\u00fcl\u00fc<\/a>.<\/p>\n<h2>Alan ihtiya\u00e7lar\u0131n\u0131z\u0131 de\u011ferlendirmek<\/h2>\n<p><img decoding=\"async\" src=\"https:\/\/statics.mylandingpages.co\/static\/aaanxdmf26c522mpaaaaz2wwe7ppkact\/image\/0fa42688b4d645c9be64fa9baf00eb85.webp\" alt=\"Alan ihtiya\u00e7lar\u0131n\u0131z\u0131 de\u011ferlendirmek\"><\/p>\n<h3>mevcut alan\u0131 \u00f6l\u00e7me<\/h3>\n<p>Mevcut alan\u0131n do\u011fru \u00f6l\u00e7\u00fcm\u00fc, do\u011fru ofis kaps\u00fcl\u00fcn\u00fc se\u00e7menin ilk ad\u0131m\u0131d\u0131r. Organizasyonlar ama\u00e7lanan alan\u0131n kesin boyutlar\u0131n\u0131 almal\u0131d\u0131r. Bu sadece taban alan\u0131 de\u011fil, ayn\u0131 zamanda tavan\u0131n y\u00fcksekli\u011fini de i\u00e7erir. \u0130yi \u00f6l\u00e7\u00fclen bir alan, daha iyi planlamaya izin verir ve Office Pod'un \u00e7al\u0131\u015fma alan\u0131n\u0131 ezmeden rahat\u00e7a uymas\u0131n\u0131 sa\u011flar.<\/p>\n<blockquote>\n<p><strong>U\u00e7:<\/strong> Do\u011fruluk i\u00e7in bir bandeli veya lazer \u00f6l\u00e7\u00fcm arac\u0131 kullan\u0131n. D\u00fczeni g\u00f6rselle\u015ftirmek i\u00e7in bir taslaktaki \u00f6l\u00e7\u00fcmleri belgeleyin.<\/p>\n<\/blockquote>\n<h3>D\u00fczen ve ak\u0131\u015f\u0131 d\u00fc\u015f\u00fcnmek<\/h3>\n<p>Ofisin d\u00fczeni, \u00e7al\u0131\u015fanlar\u0131n ne kadar etkili \u00e7al\u0131\u015fabilece\u011finde \u00f6nemli bir rol oynamaktad\u0131r. Uygun yerle\u015ftirme <a href=\"https:\/\/qin.gg12.globaldeepsea.site\/ms\/how-can-office-booths-and-pods-improve-your-workspace-design\/\" target=\"_blank\" rel=\"noopener\">Ofis kaps\u00fclleri do\u011fal \u0131\u015f\u0131\u011f\u0131 en \u00fcst d\u00fczeye \u00e7\u0131karabilir<\/a>ruh hali ve \u00fcretkenlik i\u00e7in \u00e7ok \u00f6nemlidir. Ayr\u0131ca, POD i\u00e7inde minimalist bir yakla\u015f\u0131m\u0131n s\u00fcrd\u00fcr\u00fclmesi i\u015flevselli\u011fi ve oda\u011f\u0131 geli\u015ftirir.<\/p>\n<p>D\u00fczeni planlarken a\u015fa\u011f\u0131dakileri d\u00fc\u015f\u00fcn\u00fcn:<\/p>\n<ul>\n<li><strong>\u00c7al\u0131\u015fan hareketi:<\/strong> Kolay navigasyon i\u00e7in yollar\u0131n a\u00e7\u0131k kald\u0131\u011f\u0131ndan emin olun.<\/li>\n<li><strong>\u0130\u015fbirli\u011fi b\u00f6lgeleri:<\/strong> Sessiz alanlar\u0131 bozmadan ekip \u00e7al\u0131\u015fmas\u0131 i\u00e7in alanlar\u0131 tan\u0131mlay\u0131n.<\/li>\n<li><strong>Mobilya yerle\u015fimi:<\/strong> Bu \u00e7al\u0131\u015fanlar\u0131 hayal k\u0131r\u0131kl\u0131\u011f\u0131na u\u011fratabilece\u011finden, mobilyalarla y\u00fcr\u00fcy\u00fc\u015f yollar\u0131n\u0131 engellemekten ka\u00e7\u0131n\u0131n.<\/li>\n<\/ul>\n<p>Kurulu\u015flar, alan ihtiya\u00e7lar\u0131n\u0131 de\u011ferlendirirken genellikle hata yaparlar. Yayg\u0131n hatalar, \u00e7al\u0131\u015fan ihtiya\u00e7lar\u0131n\u0131 g\u00f6z ard\u0131 etmek, gelecekteki b\u00fcy\u00fcmeyi planlamamak ve depolama gereksinimlerini ihmal etmektir. Bu fakt\u00f6rlerin ele al\u0131nmas\u0131 daha verimli ve konforlu bir \u00e7al\u0131\u015fma alan\u0131na yol a\u00e7abilir.<\/p>\n<h3>Alan k\u0131s\u0131tlamalar\u0131n\u0131n belirlenmesi<\/h3>\n<p>Modern ofisler s\u0131kl\u0131kla ofis kaps\u00fcllerinin kurulumunu karma\u015f\u0131kla\u015ft\u0131rabilecek alan k\u0131s\u0131tlamalar\u0131yla kar\u015f\u0131la\u015f\u0131r. <a href=\"https:\/\/qin.gg12.globaldeepsea.site\/en_au\/why-office-privacy-pods-are-essential-for-modern-open-plan-offices\/\" target=\"_blank\" rel=\"noopener\">Gizlilik b\u00f6lmeleri pratik bir \u00e7\u00f6z\u00fcm sa\u011flar<\/a> verimlili\u011fi en \u00fcst d\u00fczeye \u00e7\u0131kararak. Kompakt tasar\u0131mlar\u0131, b\u00fcy\u00fck tadilat olmadan mevcut d\u00fczenlere sorunsuz bir \u015fekilde s\u0131\u011fmalar\u0131n\u0131 sa\u011flar.<\/p>\n<p>Alan k\u0131s\u0131tlamalar\u0131n\u0131 tan\u0131mlarken a\u015fa\u011f\u0131daki y\u00f6nleri g\u00f6z \u00f6n\u00fcnde bulundurun:<\/p>\n<table>\n<thead>\n<tr>\n<th>Bak\u0131\u015f a\u00e7\u0131s\u0131<\/th>\n<th>Tan\u0131m<\/th>\n<\/tr>\n<\/thead>\n<tbody>\n<tr>\n<td>Hareketlilik<\/td>\n<td>Podlar\u0131n esnek ofis konfig\u00fcrasyonlar\u0131 i\u00e7in hareketli olmas\u0131 gerekip gerekmedi\u011fini veya stabilite i\u00e7in yerinde sabit olup olmad\u0131\u011f\u0131n\u0131 de\u011ferlendirin.<\/td>\n<\/tr>\n<tr>\n<td>Kurulum Gereksinimleri<\/td>\n<td>Kurulum kolayl\u0131\u011f\u0131n\u0131 ve elektrik veya ba\u011flant\u0131 altyap\u0131s\u0131 i\u00e7in herhangi bir gereksinimi g\u00f6z \u00f6n\u00fcnde bulundurun.<\/td>\n<\/tr>\n<\/tbody>\n<\/table>\n<p>Kurulu\u015flar, bu k\u0131s\u0131tlamalar\u0131 anlayarak, ihtiya\u00e7lar\u0131na en uygun ofis baklas\u0131n\u0131n yerle\u015ftirilmesi ve t\u00fcr\u00fc hakk\u0131nda bilin\u00e7li kararlar verebilirler.<\/p>\n<h2>Office Pod \u00f6zelliklerini ve d\u00fczenlerini anlama<\/h2>\n<p><img decoding=\"async\" src=\"https:\/\/statics.mylandingpages.co\/static\/aaanxdmf26c522mpaaaaz2wwe7ppkact\/image\/6f1a3a98c4164975a08883cc54e1764f.webp\" alt=\"Office Pod \u00f6zelliklerini ve d\u00fczenlerini anlama\"><\/p>\n<p>Do\u011fru ofis kaps\u00fcl\u00fcn\u00fc se\u00e7mek i\u00e7erir <a href=\"https:\/\/qin.gg12.globaldeepsea.site\/en_za\/what-are-office-pods-and-how-do-they-benefit-modern-workplaces\/\" target=\"_blank\" rel=\"noopener\">\u00c7e\u015fitli \u00f6zellikleri anlamak<\/a> ve farkl\u0131 ihtiya\u00e7lara hitap eden d\u00fczenler. Bir Office Pod'un boyutu ve yap\u0131land\u0131rmas\u0131, belirli g\u00f6revler i\u00e7in i\u015flevselli\u011fini ve uygunlu\u011funu \u00f6nemli \u00f6l\u00e7\u00fcde etkileyebilir.<\/p>\n<h3>Farkl\u0131 b\u00f6lme boyutlar\u0131 ve konfig\u00fcrasyonlar\u0131<\/h3>\n<p>Ofis kaps\u00fclleri, her biri belirli ama\u00e7lar i\u00e7in tasarlanm\u0131\u015f \u00e7e\u015fitli boyutlarda gelir. Bu yap\u0131land\u0131rmalar\u0131 anlamak, kurulu\u015flar\u0131n tak\u0131m dinamikleri i\u00e7in do\u011fru kapsay\u0131 se\u00e7melerine yard\u0131mc\u0131 olur. A\u015fa\u011f\u0131daki tablo, ortak b\u00f6lme boyutlar\u0131n\u0131 ve ama\u00e7lanan kullan\u0131mlar\u0131n\u0131 \u00f6zetlemektedir.:<\/p>\n<table>\n<thead>\n<tr>\n<th>B\u00f6lme boyutu<\/th>\n<th>Ama\u00e7<\/th>\n<\/tr>\n<\/thead>\n<tbody>\n<tr>\n<td>k\u00fc\u00e7\u00fck<\/td>\n<td>Odaklanm\u0131\u015f i\u015f ve telefon g\u00f6r\u00fc\u015fmeleri<\/td>\n<\/tr>\n<tr>\n<td>Orta<\/td>\n<td>1-2 Ki\u015fi Toplant\u0131lar\u0131<\/td>\n<\/tr>\n<tr>\n<td>B\u00fcy\u00fck<\/td>\n<td>K\u00fc\u00e7\u00fck Tak\u0131m \u0130\u015fbirlikleri<\/td>\n<\/tr>\n<tr>\n<td>XL<\/td>\n<td>Daha b\u00fcy\u00fck toplant\u0131lar ve sunumlar<\/td>\n<\/tr>\n<\/tbody>\n<\/table>\n<p>Kurulu\u015flar, b\u00f6lme boyutlar\u0131n\u0131 se\u00e7erken \u00e7al\u0131\u015fma stillerini dikkate almal\u0131d\u0131r. \u00d6rne\u011fin, \u00e7evik \u00e7al\u0131\u015fma ortamlar\u0131 yeniden yap\u0131land\u0131r\u0131labilir mobilyalardan yararlan\u0131r. \u0130\u015fbirlik\u00e7i \u00e7al\u0131\u015fma alanlar\u0131 hem resmi hem de gayri resmi toplant\u0131 alanlar\u0131 gerektirir. Odaklanm\u0131\u015f i\u015f, dikkat da\u011f\u0131t\u0131c\u0131 olmayan g\u00f6revler i\u00e7in sessiz alanlar gerektirir.<\/p>\n<h3>\u00c7ok fonksiyonlu ve tek fonksiyonlu kaps\u00fcller<\/h3>\n<p>Ofis kaps\u00fcllerini de\u011ferlendirirken, kurulu\u015flar \u00e7ok i\u015flevlilik ve tek fonksiyon se\u00e7enekleri aras\u0131nda karar vermelidir. Her t\u00fcr\u00fcn avantajlar\u0131 ve dezavantajlar\u0131 vard\u0131r. A\u015fa\u011f\u0131daki tablo bu y\u00f6nleri \u00f6zetlemektedir:<\/p>\n<table>\n<thead>\n<tr>\n<th>\u00c7ok fonksiyonlu ofis kaps\u00fcllerinin avantajlar\u0131<\/th>\n<th>\u00c7ok fonksiyonlu ofis kaps\u00fcllerinin dezavantajlar\u0131<\/th>\n<\/tr>\n<\/thead>\n<tbody>\n<tr>\n<td>Odaklanm\u0131\u015f \u00e7al\u0131\u015fma i\u00e7in geli\u015fmi\u015f gizlilik<\/td>\n<td>Daha b\u00fcy\u00fck gruplar i\u00e7in s\u0131n\u0131rl\u0131 kapasite<\/td>\n<\/tr>\n<tr>\n<td>Bireysel \u00e7al\u0131\u015fma ve toplant\u0131lar i\u00e7in \u00e7ok y\u00f6nl\u00fc kullan\u0131m<\/td>\n<td>Geleneksel mobilyalara k\u0131yasla y\u00fcksek \u00f6n maliyet<\/td>\n<\/tr>\n<tr>\n<td>Uzay tasarruflu tasar\u0131m<\/td>\n<td>Mevcut dekorla potansiyel estetik uyumsuzluk<\/td>\n<\/tr>\n<tr>\n<td>Ses yal\u0131t\u0131m\u0131 ve ergonomik \u00f6zelliklerin dahil edilmesi<\/td>\n<td>Devam eden bak\u0131m ve onar\u0131m maliyetleri<\/td>\n<\/tr>\n<\/tbody>\n<\/table>\n<p>\u00c7ok fonksiyonlu baklalar esneklik sunar ve kurulu\u015flar\u0131n de\u011fi\u015fen ihtiya\u00e7lara uyum sa\u011flamas\u0131na izin verir. Bununla birlikte, tek fonksiyonlu kaps\u00fcller \u00f6zel \u00e7a\u011fr\u0131lar veya odaklanm\u0131\u015f \u00e7al\u0131\u015fma gibi belirli g\u00f6revler i\u00e7in daha basit bir \u00e7\u00f6z\u00fcm sa\u011flayabilir.<\/p>\n<h3>\u00d6zelle\u015ftirme Se\u00e7enekleri<\/h3>\n<p>\u00d6zelle\u015ftirme, do\u011fru ofis kaps\u00fcl\u00fcn\u00fcn se\u00e7ilmesinde hayati bir rol oynar. Kurulu\u015flar genellikle i\u015flevselli\u011fi ve esteti\u011fi geli\u015ftirmek i\u00e7in belirli \u00f6zellikler ararlar. A\u015fa\u011f\u0131daki tablo, ortak \u00f6zelle\u015ftirme se\u00e7eneklerini vurgulamaktad\u0131r:<\/p>\n<table>\n<thead>\n<tr>\n<th>Customization Option<\/th>\n<th>Tan\u0131m<\/th>\n<\/tr>\n<\/thead>\n<tbody>\n<tr>\n<td>Boyut ve D\u00fczen<\/td>\n<td>Boyutlar ve kaps\u00fcllerin a\u015f\u0131r\u0131 kalabal\u0131k olmadan \u00e7al\u0131\u015fma alan\u0131na uyacak \u015fekilde d\u00fczenlenmesi.<\/td>\n<\/tr>\n<tr>\n<td>\u0130\u015flevsellik ve \u00f6zellikler<\/td>\n<td>Gizlilik ve konfor i\u00e7in depolama, elektrik prizleri ve ses yal\u0131t\u0131m\u0131 gibi \u00f6zel ihtiya\u00e7lar.<\/td>\n<\/tr>\n<tr>\n<td>Estetik ve tasar\u0131m<\/td>\n<td>Renk ve malzeme kaplamalar\u0131 dahil olmak \u00fczere marka kimli\u011fine uyacak g\u00f6rsel \u00e7ekicilik ve \u00f6zelle\u015ftirme.<\/td>\n<\/tr>\n<tr>\n<td>Esneklik ve \u00f6l\u00e7eklenebilirlik<\/td>\n<td>Ofis d\u00fczenlerini veya tak\u0131m boyutlar\u0131n\u0131 de\u011fi\u015ftirmek i\u00e7in gerekti\u011fi gibi b\u00f6lmeleri ta\u015f\u0131ma veya de\u011fi\u015ftirme yetene\u011fi.<\/td>\n<\/tr>\n<\/tbody>\n<\/table>\n<p>Bu \u00f6zelle\u015ftirme se\u00e7eneklerini g\u00f6z \u00f6n\u00fcnde bulundurarak, kurulu\u015flar markalar\u0131yla uyumlu ve \u00e7al\u0131\u015fan ihtiya\u00e7lar\u0131n\u0131 kar\u015f\u0131layan bir \u00e7al\u0131\u015fma alan\u0131 olu\u015fturabilir.<\/p>\n<h2>Akustik ve ergonomik d\u00fc\u015f\u00fcncelerin de\u011ferlendirilmesi<\/h2>\n<h3>Importance of Soundproofing<\/h3>\n<p><a href=\"https:\/\/qin.gg12.globaldeepsea.site\/zh\/the-ultimate-checklist-for-choosing-a-soundproof-office-cabin\/\" target=\"_blank\" rel=\"noopener\">Ses yal\u0131t\u0131m\u0131 hayati bir rol oynar<\/a> \u0130\u015fyeri verimlili\u011fini art\u0131rmada. Modern ofis kaps\u00fclleri tipik olarak 50+ Ses \u0130letim S\u0131n\u0131f\u0131 (STC) derecesi elde ederek y\u00fcksek sesle konu\u015fmay\u0131 duymaz hale getirir. Etkili duvar d\u00fczenekleri, emilim ve engelleme stratejilerini birle\u015ftirerek 0.80-0.95 g\u00fcr\u00fclt\u00fc azaltma katsay\u0131s\u0131 (NRC) de\u011ferlerine ula\u015fabilir. Bu ses yal\u0131t\u0131m\u0131 seviyesi, bili\u015fsel i\u015flevleri bozabilecek ve i\u015f tatmini azaltabilecek g\u00fcr\u00fclt\u00fc kirlili\u011fini \u00f6nemli \u00f6l\u00e7\u00fcde azalt\u0131r. Ses ge\u00e7irmez b\u00f6lmeler kullanan \u00e7al\u0131\u015fanlar, proje tamamlama, daha az hata ve daha az stres seviyeleri rapor eder. Sessiz ortamlar, \u00e7al\u0131\u015fanlar\u0131n g\u00f6revlerine derinlemesine odaklanmalar\u0131na izin veren bir 'ak\u0131\u015f durumunu' destekler.<\/p>\n<h3>Ergonomik tasar\u0131m \u00f6zellikleri<\/h3>\n<p>Ergonomik tasar\u0131m \u00f6zellikleri, ofis kaps\u00fcllerinde sa\u011fl\u0131kl\u0131 duru\u015f ve konforun te\u015fvik edilmesi i\u00e7in gereklidir. \u00d6nerilen \u00f6zellikler i\u00e7erir:<\/p>\n<ul>\n<li>Bir oturma masas\u0131 i\u00e7in ayarlanabilir oturma veya alan<\/li>\n<li>Parlama ve g\u00f6z su\u015funu azaltan LED ayd\u0131nlatma<\/li>\n<li>Dokunmay\u0131 \u00f6nlemek i\u00e7in havaland\u0131rma veya sessiz hayranlar<\/li>\n<li>Omuz gerginli\u011fini azaltmak i\u00e7in kol seviyesi masa y\u00fcksekli\u011fi<\/li>\n<li>G\u00f6rsel a\u015f\u0131r\u0131 y\u00fck\u00fc azaltan minimalist i\u00e7 mekanlar<\/li>\n<\/ul>\n<p>Bu unsurlar, \u00e7al\u0131\u015fma alan\u0131n\u0131n konforunu ve verimlili\u011fini toplu olarak art\u0131r\u0131r. Geleneksel i\u015f istasyonlar\u0131ndan farkl\u0131 olarak, ofis kaps\u00fclleri genellikle entegre teknoloji ve ergonomik mobilyalar i\u00e7eren \u00f6zelle\u015ftirilebilir tasar\u0131mlar i\u00e7erir. Bu tasar\u0131m, \u00e7al\u0131\u015fanlar\u0131n daha uzun s\u00fcre verimli \u00e7al\u0131\u015fmas\u0131n\u0131 sa\u011flar.<\/p>\n<h3>Uzat\u0131lm\u0131\u015f kullan\u0131m i\u00e7in konfor<\/h3>\n<p>Uzat\u0131lm\u0131\u015f kullan\u0131m s\u0131ras\u0131nda konfor, \u00e7al\u0131\u015fan refah\u0131n\u0131 korumak i\u00e7in \u00e7ok \u00f6nemlidir. Konfora katk\u0131da bulunan temel fakt\u00f6rler aras\u0131nda:<\/p>\n<table>\n<thead>\n<tr>\n<th>\u00d6zellik<\/th>\n<th>Tan\u0131m<\/th>\n<\/tr>\n<\/thead>\n<tbody>\n<tr>\n<td>Ergonomic Seating<\/td>\n<td>V\u00fccudu uzun kullan\u0131m d\u00f6nemlerinde destekler, zorlu\u011fu ve rahats\u0131zl\u0131\u011f\u0131 azalt\u0131r.<\/td>\n<\/tr>\n<tr>\n<td>Ses yal\u0131t\u0131m\u0131<\/td>\n<td>D\u0131\u015f g\u00fcr\u00fclt\u00fcy\u00fc en aza indirerek daha sessiz ve daha odaklanm\u0131\u015f bir \u00e7al\u0131\u015fma ortam\u0131 yarat\u0131r.<\/td>\n<\/tr>\n<tr>\n<td>Proper Ventilation<\/td>\n<td>Daha sa\u011fl\u0131kl\u0131 bir \u00e7al\u0131\u015fma alan\u0131n\u0131 te\u015fvik ederek rahat bir s\u0131cakl\u0131k ve hava kalitesi sa\u011flar.<\/td>\n<\/tr>\n<\/tbody>\n<\/table>\n<p>Bu \u00f6zelliklere \u00f6ncelik vererek, kurulu\u015flar verimlili\u011fi ve \u00e7al\u0131\u015fan memnuniyetini te\u015fvik eden bir ortam yaratabilir.<\/p>\n<h2>Ofis Pod'unuzda nihai karar\u0131 vermek<\/h2>\n<h3>Boyutu b\u00fct\u00e7eyle dengelemek<\/h3>\n<p>Kurulu\u015flar, ofis kaps\u00fcllerinin boyutunu b\u00fct\u00e7e k\u0131s\u0131tlamalar\u0131yla dikkatlice dengelemelidir. Farkl\u0131 bakla boyutlar\u0131n\u0131n maliyeti \u00f6nemli \u00f6l\u00e7\u00fcde de\u011fi\u015fir. \u00d6rne\u011fin, telefon kabinleri $5.000 ila $12.000 aras\u0131nda de\u011fi\u015firken, daha b\u00fcy\u00fck toplant\u0131 b\u00f6lmeleri $40.000'e mal olabilir. Bu fiyat aral\u0131klar\u0131n\u0131 anlamak, kurulu\u015flar\u0131n bilin\u00e7li kararlar almas\u0131na yard\u0131mc\u0131 olur.<\/p>\n<table>\n<thead>\n<tr>\n<th>Pod tipi<\/th>\n<th>Fiyat aral\u0131\u011f\u0131<\/th>\n<\/tr>\n<\/thead>\n<tbody>\n<tr>\n<td>Telefon kabinleri<\/td>\n<td>$5,000 &#8211; $12,000<\/td>\n<\/tr>\n<tr>\n<td>\u00c7al\u0131\u015fma kaps\u00fclleri<\/td>\n<td>$7,500 &#8211; $21,900<\/td>\n<\/tr>\n<tr>\n<td>Toplant\u0131 b\u00f6lmeleri<\/td>\n<td>$9,000 &#8211; $40,000<\/td>\n<\/tr>\n<tr>\n<td>\u015eekerleme kaps\u00fclleri<\/td>\n<td>$8,000 &#8211; $15,000<\/td>\n<\/tr>\n<tr>\n<td>Arka bah\u00e7e ofis kaps\u00fclleri<\/td>\n<td>$15,000 &#8211; $30,000<\/td>\n<\/tr>\n<\/tbody>\n<\/table>\n<p>Kurulu\u015flar, \u00e7al\u0131\u015fan ihtiya\u00e7lar\u0131na g\u00f6re ideal b\u00f6lme boyutlar\u0131n\u0131 belirlemek i\u00e7in analitik kullanarak ofis boyutunu optimize edebilir. Bu yakla\u015f\u0131m operasyonel verimlili\u011fi art\u0131r\u0131r ve maliyetleri azalt\u0131r. Ofis b\u00f6lmeleri genellikle geleneksel toplant\u0131 alanlar\u0131na uygun maliyetli alternatifler olarak hizmet eder ve potansiyel olarak kurulu\u015flar\u0131n \u00f6nemli miktarda para tasarrufu sa\u011flar.<\/p>\n<h3>\u00c7al\u0131\u015fan Geri Bildirimi Toplama<\/h3>\n<p>\u00c7al\u0131\u015fan geri bildirimlerini se\u00e7im s\u00fcrecine dahil etmek \u00e7ok \u00f6nemlidir. Kurulu\u015flar, i\u00e7g\u00f6r\u00fcleri etkili bir \u015fekilde toplamak i\u00e7in \u00e7e\u015fitli stratejiler kullanabilir:<\/p>\n<ul>\n<li>Mozilla, tasar\u0131m kararlar\u0131n\u0131 etkilemek i\u00e7in do\u011frudan bir geri bildirim modeli kullan\u0131r.<\/li>\n<li>Ger\u00e7ek d\u00fcnyadaki ortamlarda fikirleri test ederek 'h\u0131zl\u0131 bir \u015fekilde ba\u015far\u0131s\u0131z' yakla\u015f\u0131m uygularlar.<\/li>\n<li>D\u00fczenli ileti\u015fim y\u00f6ntemleri \u00e7evrimi\u00e7i anketleri ve ekip \u00e7a\u011fr\u0131lar\u0131n\u0131 i\u00e7erir.<\/li>\n<\/ul>\n<p>\u00c7al\u0131\u015fanlar\u0131n etkile\u015fimi \u015feffafl\u0131k ve buy-in'i te\u015fvik ederek se\u00e7ilen Office Pod'un ihtiya\u00e7lar\u0131n\u0131 kar\u015f\u0131lamas\u0131n\u0131 sa\u011flar.<\/p>\n<h3>Gelecekteki b\u00fcy\u00fcme hususlar\u0131<\/h3>\n<p>Kurulu\u015flar, ofis b\u00f6lmesi boyutlar\u0131n\u0131 se\u00e7erken gelecekteki b\u00fcy\u00fcmeyi hesaba katmal\u0131d\u0131r. Anahtar stratejiler:<\/p>\n<ul>\n<li><strong>\u0130lk Reddetme Hakk\u0131 M\u00fczakere (ROFR)<\/strong> kom\u015fu alanlara geni\u015fleme i\u00e7in.<\/li>\n<li><strong>Bir 'Geri Ver' Maddesi G\u00fcvenli<\/strong> B\u00fcy\u00fcme yava\u015flarsa alan\u0131n bir k\u0131sm\u0131n\u0131 geri d\u00f6nmek i\u00e7in.<\/li>\n<li><strong>Mod\u00fcler Fitout Tasarlay\u0131n<\/strong> Bu de\u011fi\u015fen ihtiya\u00e7lara uyum sa\u011flar.<\/li>\n<\/ul>\n<p>Bu stratejiler esneklik sa\u011flar ve ofis ortam\u0131n\u0131n kurulu\u015fun yan\u0131nda geli\u015fmesini sa\u011flar.<\/p>\n<hr>\n<p>Do\u011fru boyutta ofis kaps\u00fcl\u00fcn\u00fc se\u00e7mek birka\u00e7 temel fakt\u00f6r\u00fc i\u00e7erir. Kurulu\u015flar \u00f6ncelik vermelidir <strong>Tasar\u0131m ve \u00d6zellikler<\/strong>, <strong>akustik<\/strong>, <strong>havaland\u0131rma<\/strong>, Ve <strong>ergonomi<\/strong>. Bu \u00f6\u011feler, POD'un kullan\u0131c\u0131 ihtiya\u00e7lar\u0131n\u0131 kar\u015f\u0131lamas\u0131n\u0131 ve \u00e7al\u0131\u015fma alan\u0131 deneyimini geli\u015ftirmesini sa\u011flar. \u0130\u015flevselli\u011fin ve konforun \u00f6nceliklendirilmesi, daha y\u00fcksek \u00e7al\u0131\u015fan memnuniyetine ve verimlili\u011fine yol a\u00e7ar. Kurulu\u015flar, hedefleriyle uyumlu bilin\u00e7li kararlar vermek i\u00e7in i\u00e7g\u00f6r\u00fc toplamal\u0131 ve se\u00e7enekleri dikkatle de\u011ferlendirmelidir.<\/p>\n<blockquote>\n<p><strong>U\u00e7:<\/strong> Ofis kaps\u00fcl\u00fcn\u00fcz\u00fc se\u00e7erken her zaman gelecekteki b\u00fcy\u00fcmeyi ve uyarlanabilirli\u011fi g\u00f6z \u00f6n\u00fcnde bulundurun.<\/p>\n<\/blockquote>\n<h2>SSS<\/h2>\n<h3>Ofis kaps\u00fcl nedir?<\/h3>\n<p>Office Pod, genellikle yer alan gizlilik ve odak i\u00e7in tasarlanm\u0131\u015f kompakt bir \u00e7al\u0131\u015fma alan\u0131d\u0131r. <a href=\"https:\/\/qin.gg12.globaldeepsea.site\/how-soundproof-office-pods-deliver-privacy-and-focus\/\" target=\"_blank\" rel=\"noopener\">ses yal\u0131t\u0131m\u0131 ve ergonomik tasar\u0131m<\/a>.<\/p>\n<h3>Do\u011fru beden ofis kaps\u00fcl\u00fcn\u00fc nas\u0131l belirlerim?<\/h3>\n<p>Mevcut alan\u0131n\u0131z\u0131 \u00f6l\u00e7\u00fcn, \u00e7al\u0131\u015fan ihtiya\u00e7lar\u0131n\u0131 g\u00f6z \u00f6n\u00fcnde bulundurun ve uygun boyutta ofis kaps\u00fcl\u00fcn\u00fc se\u00e7mek i\u00e7in gelecekteki b\u00fcy\u00fcmeyi de\u011ferlendirin.<\/p>\n<h3>Can office pods be customized?<\/h3>\n<p>Evet, bir\u00e7ok ofis baklas\u0131, belirli organizasyonel ihtiya\u00e7lar\u0131 kar\u015f\u0131lamak i\u00e7in boyut, d\u00fczen ve \u00f6zellikler dahil \u00f6zelle\u015ftirme se\u00e7enekleri sunar.<\/p>","protected":false},"excerpt":{"rendered":"<p>\u00c7al\u0131\u015fma alan\u0131 verimlili\u011fini optimize etmek i\u00e7in do\u011fru boyutta ofis kaps\u00fcl\u00fcn\u00fc se\u00e7mek \u00e7ok \u00f6nemlidir. Boyut, i\u015flevselli\u011fi ve \u00e7al\u0131\u015fan konforunu do\u011frudan etkiler. \u0130yi boyutlu <a href=\"https:\/\/qin.gg12.globaldeepsea.site\/about\/\">Ofis \u00e7a\u011fr\u0131 kabini \u00fcr\u00fcn\u00fc<\/a> Odaklanmay\u0131 geli\u015ftirebilir, temiz hava yoluyla sa\u011fl\u0131\u011f\u0131 te\u015fvik edebilir ve ergonomik destek sa\u011flayabilir. Ayr\u0131ca, bir <a href=\"https:\/\/qin.gg12.globaldeepsea.site\/product\/sound-proof-booth-for-4-person-cm-p3l\/\">Ses ge\u00e7irmez kaps\u00fcl<\/a> kesintisiz i\u015f i\u00e7in gerekli gizlili\u011fi sa\u011flayabilir.<\/p>","protected":false},"author":1,"featured_media":0,"comment_status":"","ping_status":"open","sticky":false,"template":"","format":"standard","meta":{"footnotes":""},"categories":[1],"tags":[376,371,202],"class_list":["post-1356","post","type-post","status-publish","format-standard","hentry","category-uncategorized","tag-odm-office-call-booth-product","tag-office-isolation-pod","tag-sound-proof-pod"],"_links":{"self":[{"href":"https:\/\/www.happy-cheerme.com\/tr\/wp-json\/wp\/v2\/posts\/1356","targetHints":{"allow":["GET"]}}],"collection":[{"href":"https:\/\/www.happy-cheerme.com\/tr\/wp-json\/wp\/v2\/posts"}],"about":[{"href":"https:\/\/www.happy-cheerme.com\/tr\/wp-json\/wp\/v2\/types\/post"}],"author":[{"embeddable":true,"href":"https:\/\/www.happy-cheerme.com\/tr\/wp-json\/wp\/v2\/users\/1"}],"replies":[{"embeddable":true,"href":"https:\/\/www.happy-cheerme.com\/tr\/wp-json\/wp\/v2\/comments?post=1356"}],"version-history":[{"count":0,"href":"https:\/\/www.happy-cheerme.com\/tr\/wp-json\/wp\/v2\/posts\/1356\/revisions"}],"wp:attachment":[{"href":"https:\/\/www.happy-cheerme.com\/tr\/wp-json\/wp\/v2\/media?parent=1356"}],"wp:term":[{"taxonomy":"category","embeddable":true,"href":"https:\/\/www.happy-cheerme.com\/tr\/wp-json\/wp\/v2\/categories?post=1356"},{"taxonomy":"post_tag","embeddable":true,"href":"https:\/\/www.happy-cheerme.com\/tr\/wp-json\/wp\/v2\/tags?post=1356"}],"curies":[{"name":"wp","href":"https:\/\/api.w.org\/{rel}","templated":true}]}}